{"id":339,"date":"2024-12-13T09:05:54","date_gmt":"2024-12-13T09:05:54","guid":{"rendered":"https:\/\/sinacoso.org\/blog\/?p=339"},"modified":"2024-12-13T09:05:54","modified_gmt":"2024-12-13T09:05:54","slug":"el-acoso-en-el-trabajo-un-problema-que-podemos-resolver-juntos","status":"publish","type":"post","link":"https:\/\/sinacoso.org\/blog\/el-acoso-en-el-trabajo-un-problema-que-podemos-resolver-juntos\/","title":{"rendered":"El Acoso en el Trabajo: Un Problema que Podemos Resolver Juntos"},"content":{"rendered":"\n<p>El acoso laboral, o&nbsp;<em>mobbing<\/em>, no solo afecta la salud mental y f\u00edsica de quienes lo sufren, sino que tambi\u00e9n deteriora el ambiente laboral, disminuye la productividad y da\u00f1a la reputaci\u00f3n de las empresas. A pesar de ser un problema ampliamente conocido, todav\u00eda hay mucho por hacer para erradicarlo. Por eso, hoy queremos abordar una soluci\u00f3n novedosa: la&nbsp;<strong>prevenci\u00f3n activa y el empoderamiento a trav\u00e9s de herramientas digitales<\/strong>.<\/p>\n\n\n\n<h3 class=\"wp-block-heading\"><strong>Un Nuevo Enfoque: Tecnolog\u00eda al Servicio de la Dignidad Laboral<\/strong><\/h3>\n\n\n\n<p>Con el avance de la tecnolog\u00eda, contamos con nuevas maneras de combatir el acoso en el trabajo. Herramientas como&nbsp;<strong>canales de denuncia an\u00f3nimos<\/strong>, accesibles desde dispositivos m\u00f3viles y computadoras, permiten a los empleados reportar incidentes de forma segura y confidencial. Estas plataformas no solo facilitan la detecci\u00f3n temprana de casos de acoso, sino que tambi\u00e9n ofrecen un seguimiento estructurado que garantiza la transparencia en la gesti\u00f3n de cada denuncia.<\/p>\n\n\n\n<h4 class=\"wp-block-heading\"><strong>\u00bfC\u00f3mo Funciona?<\/strong><\/h4>\n\n\n\n<ol class=\"wp-block-list\">\n<li><strong>Acceso An\u00f3nimo y Seguro:<\/strong>\u00a0Los empleados pueden reportar incidentes sin temor a represalias, gracias a sistemas encriptados que protegen la identidad del denunciante.<\/li>\n\n\n\n<li><strong>Seguimiento en Tiempo Real:<\/strong>\u00a0Las empresas pueden gestionar las denuncias de manera organizada y en cumplimiento con las normativas legales.<\/li>\n\n\n\n<li><strong>Capacitaci\u00f3n Preventiva:<\/strong>\u00a0Estas plataformas tambi\u00e9n incluyen m\u00f3dulos educativos para sensibilizar a los empleados sobre el acoso y fomentar el respeto en el entorno laboral.<\/li>\n<\/ol>\n\n\n\n<h3 class=\"wp-block-heading\"><strong>M\u00e1s All\u00e1 de las Denuncias: Crear una Cultura de Respeto<\/strong><\/h3>\n\n\n\n<p>La tecnolog\u00eda no lo es todo. Tambi\u00e9n es esencial construir una cultura empresarial donde el respeto y la empat\u00eda sean pilares fundamentales. Esto incluye:<\/p>\n\n\n\n<ul class=\"wp-block-list\">\n<li><strong>Pol\u00edticas Claras y Visibles:<\/strong>\u00a0Un plan de prevenci\u00f3n que defina qu\u00e9 constituye acoso laboral, las consecuencias y c\u00f3mo se gestionar\u00e1n los casos.<\/li>\n\n\n\n<li><strong>Liderazgo Consciente:<\/strong>\u00a0Formaci\u00f3n para que los l\u00edderes act\u00faen como modelos de comportamiento \u00e9tico y sean los primeros en intervenir ante conductas inapropiadas.<\/li>\n\n\n\n<li><strong>Apoyo Psicol\u00f3gico:<\/strong>\u00a0Proveer recursos internos o externos para asistir a quienes han sido afectados por acoso.<\/li>\n<\/ul>\n\n\n\n<h3 class=\"wp-block-heading\"><strong>Romper el Silencio Es el Primer Paso<\/strong><\/h3>\n\n\n\n<p>En muchas ocasiones, el miedo o la falta de confianza en los procesos internos impiden a las personas hablar. Por eso, ofrecer canales accesibles, confiables y libres de juicios es clave para fomentar que las v\u00edctimas y testigos se atrevan a denunciar.<\/p>\n\n\n\n<h3 class=\"wp-block-heading\"><strong>Juntos Podemos Hacer la Diferencia<\/strong><\/h3>\n\n\n\n<p>Enfrentar el acoso laboral requiere un esfuerzo conjunto: empleados, l\u00edderes y empresas trabajando de la mano para crear un entorno donde todos puedan desarrollarse plenamente. No dejemos que el silencio sea c\u00f3mplice. Con las herramientas adecuadas y el compromiso firme, podemos erradicar el acoso en el trabajo.<\/p>\n\n\n\n<p><strong>\u00bfSientes que necesitas apoyo o quieres implementar soluciones innovadoras en tu empresa?<\/strong>&nbsp;Cont\u00e1ctanos y hablemos sobre c\u00f3mo podemos ayudarte a construir un ambiente laboral seguro y saludable para todos.<\/p>\n","protected":false},"excerpt":{"rendered":"<p>El acoso laboral, o&nbsp;mobbing, no solo afecta la salud mental y f\u00edsica de quienes lo sufren, sino que tambi\u00e9n deteriora el ambiente laboral, disminuye la productividad y da\u00f1a la reputaci\u00f3n de las empresas. A pesar de ser un problema ampliamente conocido, todav\u00eda hay mucho por hacer para erradicarlo. Por eso, hoy queremos abordar una soluci\u00f3n [&hellip;]<\/p>\n","protected":false},"author":1,"featured_media":340,"comment_status":"closed","ping_status":"open","sticky":false,"template":"","format":"standard","meta":{"footnotes":""},"categories":[21],"tags":[],"class_list":["post-339","post","type-post","status-publish","format-standard","has-post-thumbnail","hentry","category-blog"],"yoast_head":"<!-- This site is optimized with the Yoast SEO plugin v27.5 - https:\/\/yoast.com\/product\/yoast-seo-wordpress\/ -->\n<title>El Acoso en el Trabajo: Un Problema que Podemos Resolver Juntos - SINacoso<\/title>\n<meta name=\"robots\" content=\"index, follow, max-snippet:-1, max-image-preview:large, max-video-preview:-1\" \/>\n<link rel=\"canonical\" href=\"https:\/\/sinacoso.org\/blog\/el-acoso-en-el-trabajo-un-problema-que-podemos-resolver-juntos\/\" \/>\n<meta property=\"og:locale\" content=\"es_ES\" \/>\n<meta property=\"og:type\" content=\"article\" \/>\n<meta property=\"og:title\" content=\"El Acoso en el Trabajo: Un Problema que Podemos Resolver Juntos - SINacoso\" \/>\n<meta property=\"og:description\" content=\"El acoso laboral, o&nbsp;mobbing, no solo afecta la salud mental y f\u00edsica de quienes lo sufren, sino que tambi\u00e9n deteriora el ambiente laboral, disminuye la productividad y da\u00f1a la reputaci\u00f3n de las empresas. A pesar de ser un problema ampliamente conocido, todav\u00eda hay mucho por hacer para erradicarlo. Por eso, hoy queremos abordar una soluci\u00f3n [&hellip;]\" \/>\n<meta property=\"og:url\" content=\"https:\/\/sinacoso.org\/blog\/el-acoso-en-el-trabajo-un-problema-que-podemos-resolver-juntos\/\" \/>\n<meta property=\"og:site_name\" content=\"SINacoso\" \/>\n<meta property=\"article:published_time\" content=\"2024-12-13T09:05:54+00:00\" \/>\n<meta property=\"og:image\" content=\"https:\/\/sinacoso.org\/wp-content\/uploads\/2024\/12\/2148985498.jpg\" \/>\n\t<meta property=\"og:image:width\" content=\"1000\" \/>\n\t<meta property=\"og:image:height\" content=\"667\" \/>\n\t<meta property=\"og:image:type\" content=\"image\/jpeg\" \/>\n<meta name=\"author\" content=\"admin\" \/>\n<meta name=\"twitter:card\" content=\"summary_large_image\" \/>\n<meta name=\"twitter:label1\" content=\"Escrito por\" \/>\n\t<meta name=\"twitter:data1\" content=\"admin\" \/>\n\t<meta name=\"twitter:label2\" content=\"Tiempo de lectura\" \/>\n\t<meta name=\"twitter:data2\" content=\"3 minutos\" \/>\n<script type=\"application\/ld+json\" class=\"yoast-schema-graph\">{\"@context\":\"https:\\\/\\\/schema.org\",\"@graph\":[{\"@type\":\"Article\",\"@id\":\"https:\\\/\\\/sinacoso.org\\\/blog\\\/el-acoso-en-el-trabajo-un-problema-que-podemos-resolver-juntos\\\/#article\",\"isPartOf\":{\"@id\":\"https:\\\/\\\/sinacoso.org\\\/blog\\\/el-acoso-en-el-trabajo-un-problema-que-podemos-resolver-juntos\\\/\"},\"author\":{\"name\":\"admin\",\"@id\":\"https:\\\/\\\/sinacoso.org\\\/blog\\\/#\\\/schema\\\/person\\\/0ed2ea334124f2ae40083361b3913506\"},\"headline\":\"El Acoso en el Trabajo: Un Problema que Podemos Resolver Juntos\",\"datePublished\":\"2024-12-13T09:05:54+00:00\",\"mainEntityOfPage\":{\"@id\":\"https:\\\/\\\/sinacoso.org\\\/blog\\\/el-acoso-en-el-trabajo-un-problema-que-podemos-resolver-juntos\\\/\"},\"wordCount\":492,\"publisher\":{\"@id\":\"https:\\\/\\\/sinacoso.org\\\/blog\\\/#organization\"},\"image\":{\"@id\":\"https:\\\/\\\/sinacoso.org\\\/blog\\\/el-acoso-en-el-trabajo-un-problema-que-podemos-resolver-juntos\\\/#primaryimage\"},\"thumbnailUrl\":\"https:\\\/\\\/sinacoso.org\\\/wp-content\\\/uploads\\\/2024\\\/12\\\/2148985498.jpg\",\"articleSection\":[\"Blog\"],\"inLanguage\":\"es\"},{\"@type\":\"WebPage\",\"@id\":\"https:\\\/\\\/sinacoso.org\\\/blog\\\/el-acoso-en-el-trabajo-un-problema-que-podemos-resolver-juntos\\\/\",\"url\":\"https:\\\/\\\/sinacoso.org\\\/blog\\\/el-acoso-en-el-trabajo-un-problema-que-podemos-resolver-juntos\\\/\",\"name\":\"El Acoso en el Trabajo: Un Problema que Podemos Resolver Juntos - SINacoso\",\"isPartOf\":{\"@id\":\"https:\\\/\\\/sinacoso.org\\\/blog\\\/#website\"},\"primaryImageOfPage\":{\"@id\":\"https:\\\/\\\/sinacoso.org\\\/blog\\\/el-acoso-en-el-trabajo-un-problema-que-podemos-resolver-juntos\\\/#primaryimage\"},\"image\":{\"@id\":\"https:\\\/\\\/sinacoso.org\\\/blog\\\/el-acoso-en-el-trabajo-un-problema-que-podemos-resolver-juntos\\\/#primaryimage\"},\"thumbnailUrl\":\"https:\\\/\\\/sinacoso.org\\\/wp-content\\\/uploads\\\/2024\\\/12\\\/2148985498.jpg\",\"datePublished\":\"2024-12-13T09:05:54+00:00\",\"breadcrumb\":{\"@id\":\"https:\\\/\\\/sinacoso.org\\\/blog\\\/el-acoso-en-el-trabajo-un-problema-que-podemos-resolver-juntos\\\/#breadcrumb\"},\"inLanguage\":\"es\",\"potentialAction\":[{\"@type\":\"ReadAction\",\"target\":[\"https:\\\/\\\/sinacoso.org\\\/blog\\\/el-acoso-en-el-trabajo-un-problema-que-podemos-resolver-juntos\\\/\"]}]},{\"@type\":\"ImageObject\",\"inLanguage\":\"es\",\"@id\":\"https:\\\/\\\/sinacoso.org\\\/blog\\\/el-acoso-en-el-trabajo-un-problema-que-podemos-resolver-juntos\\\/#primaryimage\",\"url\":\"https:\\\/\\\/sinacoso.org\\\/wp-content\\\/uploads\\\/2024\\\/12\\\/2148985498.jpg\",\"contentUrl\":\"https:\\\/\\\/sinacoso.org\\\/wp-content\\\/uploads\\\/2024\\\/12\\\/2148985498.jpg\",\"width\":1000,\"height\":667},{\"@type\":\"BreadcrumbList\",\"@id\":\"https:\\\/\\\/sinacoso.org\\\/blog\\\/el-acoso-en-el-trabajo-un-problema-que-podemos-resolver-juntos\\\/#breadcrumb\",\"itemListElement\":[{\"@type\":\"ListItem\",\"position\":1,\"name\":\"Portada\",\"item\":\"https:\\\/\\\/sinacoso.org\\\/blog\\\/\"},{\"@type\":\"ListItem\",\"position\":2,\"name\":\"El Acoso en el Trabajo: Un Problema que Podemos Resolver Juntos\"}]},{\"@type\":\"WebSite\",\"@id\":\"https:\\\/\\\/sinacoso.org\\\/blog\\\/#website\",\"url\":\"https:\\\/\\\/sinacoso.org\\\/blog\\\/\",\"name\":\"SINacoso\",\"description\":\"Prevenci\u00f3n del Acoso laboral\",\"publisher\":{\"@id\":\"https:\\\/\\\/sinacoso.org\\\/blog\\\/#organization\"},\"potentialAction\":[{\"@type\":\"SearchAction\",\"target\":{\"@type\":\"EntryPoint\",\"urlTemplate\":\"https:\\\/\\\/sinacoso.org\\\/blog\\\/?s={search_term_string}\"},\"query-input\":{\"@type\":\"PropertyValueSpecification\",\"valueRequired\":true,\"valueName\":\"search_term_string\"}}],\"inLanguage\":\"es\"},{\"@type\":\"Organization\",\"@id\":\"https:\\\/\\\/sinacoso.org\\\/blog\\\/#organization\",\"name\":\"SINacoso\",\"url\":\"https:\\\/\\\/sinacoso.org\\\/blog\\\/\",\"logo\":{\"@type\":\"ImageObject\",\"inLanguage\":\"es\",\"@id\":\"https:\\\/\\\/sinacoso.org\\\/blog\\\/#\\\/schema\\\/logo\\\/image\\\/\",\"url\":\"https:\\\/\\\/sinacoso.org\\\/wp-content\\\/uploads\\\/2024\\\/09\\\/unnamed.png\",\"contentUrl\":\"https:\\\/\\\/sinacoso.org\\\/wp-content\\\/uploads\\\/2024\\\/09\\\/unnamed.png\",\"width\":400,\"height\":85,\"caption\":\"SINacoso\"},\"image\":{\"@id\":\"https:\\\/\\\/sinacoso.org\\\/blog\\\/#\\\/schema\\\/logo\\\/image\\\/\"}},{\"@type\":\"Person\",\"@id\":\"https:\\\/\\\/sinacoso.org\\\/blog\\\/#\\\/schema\\\/person\\\/0ed2ea334124f2ae40083361b3913506\",\"name\":\"admin\",\"sameAs\":[\"https:\\\/\\\/sinacoso.org\"],\"url\":\"https:\\\/\\\/sinacoso.org\\\/blog\\\/author\\\/aemolcom_g4dl0al5\\\/\"}]}<\/script>\n<!-- \/ Yoast SEO plugin. -->","yoast_head_json":{"title":"El Acoso en el Trabajo: Un Problema que Podemos Resolver Juntos - SINacoso","robots":{"index":"index","follow":"follow","max-snippet":"max-snippet:-1","max-image-preview":"max-image-preview:large","max-video-preview":"max-video-preview:-1"},"canonical":"https:\/\/sinacoso.org\/blog\/el-acoso-en-el-trabajo-un-problema-que-podemos-resolver-juntos\/","og_locale":"es_ES","og_type":"article","og_title":"El Acoso en el Trabajo: Un Problema que Podemos Resolver Juntos - SINacoso","og_description":"El acoso laboral, o&nbsp;mobbing, no solo afecta la salud mental y f\u00edsica de quienes lo sufren, sino que tambi\u00e9n deteriora el ambiente laboral, disminuye la productividad y da\u00f1a la reputaci\u00f3n de las empresas. A pesar de ser un problema ampliamente conocido, todav\u00eda hay mucho por hacer para erradicarlo. Por eso, hoy queremos abordar una soluci\u00f3n [&hellip;]","og_url":"https:\/\/sinacoso.org\/blog\/el-acoso-en-el-trabajo-un-problema-que-podemos-resolver-juntos\/","og_site_name":"SINacoso","article_published_time":"2024-12-13T09:05:54+00:00","og_image":[{"width":1000,"height":667,"url":"https:\/\/sinacoso.org\/wp-content\/uploads\/2024\/12\/2148985498.jpg","type":"image\/jpeg"}],"author":"admin","twitter_card":"summary_large_image","twitter_misc":{"Escrito por":"admin","Tiempo de lectura":"3 minutos"},"schema":{"@context":"https:\/\/schema.org","@graph":[{"@type":"Article","@id":"https:\/\/sinacoso.org\/blog\/el-acoso-en-el-trabajo-un-problema-que-podemos-resolver-juntos\/#article","isPartOf":{"@id":"https:\/\/sinacoso.org\/blog\/el-acoso-en-el-trabajo-un-problema-que-podemos-resolver-juntos\/"},"author":{"name":"admin","@id":"https:\/\/sinacoso.org\/blog\/#\/schema\/person\/0ed2ea334124f2ae40083361b3913506"},"headline":"El Acoso en el Trabajo: Un Problema que Podemos Resolver Juntos","datePublished":"2024-12-13T09:05:54+00:00","mainEntityOfPage":{"@id":"https:\/\/sinacoso.org\/blog\/el-acoso-en-el-trabajo-un-problema-que-podemos-resolver-juntos\/"},"wordCount":492,"publisher":{"@id":"https:\/\/sinacoso.org\/blog\/#organization"},"image":{"@id":"https:\/\/sinacoso.org\/blog\/el-acoso-en-el-trabajo-un-problema-que-podemos-resolver-juntos\/#primaryimage"},"thumbnailUrl":"https:\/\/sinacoso.org\/wp-content\/uploads\/2024\/12\/2148985498.jpg","articleSection":["Blog"],"inLanguage":"es"},{"@type":"WebPage","@id":"https:\/\/sinacoso.org\/blog\/el-acoso-en-el-trabajo-un-problema-que-podemos-resolver-juntos\/","url":"https:\/\/sinacoso.org\/blog\/el-acoso-en-el-trabajo-un-problema-que-podemos-resolver-juntos\/","name":"El Acoso en el Trabajo: Un Problema que Podemos Resolver Juntos - SINacoso","isPartOf":{"@id":"https:\/\/sinacoso.org\/blog\/#website"},"primaryImageOfPage":{"@id":"https:\/\/sinacoso.org\/blog\/el-acoso-en-el-trabajo-un-problema-que-podemos-resolver-juntos\/#primaryimage"},"image":{"@id":"https:\/\/sinacoso.org\/blog\/el-acoso-en-el-trabajo-un-problema-que-podemos-resolver-juntos\/#primaryimage"},"thumbnailUrl":"https:\/\/sinacoso.org\/wp-content\/uploads\/2024\/12\/2148985498.jpg","datePublished":"2024-12-13T09:05:54+00:00","breadcrumb":{"@id":"https:\/\/sinacoso.org\/blog\/el-acoso-en-el-trabajo-un-problema-que-podemos-resolver-juntos\/#breadcrumb"},"inLanguage":"es","potentialAction":[{"@type":"ReadAction","target":["https:\/\/sinacoso.org\/blog\/el-acoso-en-el-trabajo-un-problema-que-podemos-resolver-juntos\/"]}]},{"@type":"ImageObject","inLanguage":"es","@id":"https:\/\/sinacoso.org\/blog\/el-acoso-en-el-trabajo-un-problema-que-podemos-resolver-juntos\/#primaryimage","url":"https:\/\/sinacoso.org\/wp-content\/uploads\/2024\/12\/2148985498.jpg","contentUrl":"https:\/\/sinacoso.org\/wp-content\/uploads\/2024\/12\/2148985498.jpg","width":1000,"height":667},{"@type":"BreadcrumbList","@id":"https:\/\/sinacoso.org\/blog\/el-acoso-en-el-trabajo-un-problema-que-podemos-resolver-juntos\/#breadcrumb","itemListElement":[{"@type":"ListItem","position":1,"name":"Portada","item":"https:\/\/sinacoso.org\/blog\/"},{"@type":"ListItem","position":2,"name":"El Acoso en el Trabajo: Un Problema que Podemos Resolver Juntos"}]},{"@type":"WebSite","@id":"https:\/\/sinacoso.org\/blog\/#website","url":"https:\/\/sinacoso.org\/blog\/","name":"SINacoso","description":"Prevenci\u00f3n del Acoso laboral","publisher":{"@id":"https:\/\/sinacoso.org\/blog\/#organization"},"potentialAction":[{"@type":"SearchAction","target":{"@type":"EntryPoint","urlTemplate":"https:\/\/sinacoso.org\/blog\/?s={search_term_string}"},"query-input":{"@type":"PropertyValueSpecification","valueRequired":true,"valueName":"search_term_string"}}],"inLanguage":"es"},{"@type":"Organization","@id":"https:\/\/sinacoso.org\/blog\/#organization","name":"SINacoso","url":"https:\/\/sinacoso.org\/blog\/","logo":{"@type":"ImageObject","inLanguage":"es","@id":"https:\/\/sinacoso.org\/blog\/#\/schema\/logo\/image\/","url":"https:\/\/sinacoso.org\/wp-content\/uploads\/2024\/09\/unnamed.png","contentUrl":"https:\/\/sinacoso.org\/wp-content\/uploads\/2024\/09\/unnamed.png","width":400,"height":85,"caption":"SINacoso"},"image":{"@id":"https:\/\/sinacoso.org\/blog\/#\/schema\/logo\/image\/"}},{"@type":"Person","@id":"https:\/\/sinacoso.org\/blog\/#\/schema\/person\/0ed2ea334124f2ae40083361b3913506","name":"admin","sameAs":["https:\/\/sinacoso.org"],"url":"https:\/\/sinacoso.org\/blog\/author\/aemolcom_g4dl0al5\/"}]}},"_links":{"self":[{"href":"https:\/\/sinacoso.org\/blog\/wp-json\/wp\/v2\/posts\/339","targetHints":{"allow":["GET"]}}],"collection":[{"href":"https:\/\/sinacoso.org\/blog\/wp-json\/wp\/v2\/posts"}],"about":[{"href":"https:\/\/sinacoso.org\/blog\/wp-json\/wp\/v2\/types\/post"}],"author":[{"embeddable":true,"href":"https:\/\/sinacoso.org\/blog\/wp-json\/wp\/v2\/users\/1"}],"replies":[{"embeddable":true,"href":"https:\/\/sinacoso.org\/blog\/wp-json\/wp\/v2\/comments?post=339"}],"version-history":[{"count":1,"href":"https:\/\/sinacoso.org\/blog\/wp-json\/wp\/v2\/posts\/339\/revisions"}],"predecessor-version":[{"id":341,"href":"https:\/\/sinacoso.org\/blog\/wp-json\/wp\/v2\/posts\/339\/revisions\/341"}],"wp:featuredmedia":[{"embeddable":true,"href":"https:\/\/sinacoso.org\/blog\/wp-json\/wp\/v2\/media\/340"}],"wp:attachment":[{"href":"https:\/\/sinacoso.org\/blog\/wp-json\/wp\/v2\/media?parent=339"}],"wp:term":[{"taxonomy":"category","embeddable":true,"href":"https:\/\/sinacoso.org\/blog\/wp-json\/wp\/v2\/categories?post=339"},{"taxonomy":"post_tag","embeddable":true,"href":"https:\/\/sinacoso.org\/blog\/wp-json\/wp\/v2\/tags?post=339"}],"curies":[{"name":"wp","href":"https:\/\/api.w.org\/{rel}","templated":true}]}}